{"id":589,"global_id":"www.soudeblyes.fr?id=589","global_id_lineage":["www.soudeblyes.fr?id=589"],"author":"1","status":"publish","date":"2025-09-10 12:23:14","date_utc":"2025-09-10 10:23:14","modified":"2025-09-10 12:26:33","modified_utc":"2025-09-10 10:26:33","url":"https:\/\/www.soudeblyes.fr\/?tribe_events=les-blyoches","rest_url":"https:\/\/www.soudeblyes.fr\/index.php?rest_route=\/tribe\/events\/v1\/events\/589","title":"LES BLYOCHES","description":"<p><strong>\ud83c\udf5e Grande vente de brioches le 20 septembre ! \ud83c\udf5e<\/strong><\/p>\n<p>Parents, enfants, amis du Sou des \u00e9coles, pr\u00e9parez-vous pour notre <strong>traditionnelle vente de brioches<\/strong> qui aura lieu le <strong>samedi 20 septembre<\/strong> dans les rues de Blyes !<\/p>\n<p>Cette ann\u00e9e encore, les enfants et leurs parents d\u00e9ambuleront dans le village pour vous proposer les d\u00e9licieuses brioches de la Miette d&rsquo;Adripain. L&rsquo;occasion de se retrouver et de soutenir les projets scolaires dans la bonne humeur !<\/p>\n<p>\ud83d\udcc5 <strong>D\u00e9part \u00e0 9h<\/strong> devant la mairie, alors <strong>rendez-vous \u00e0 8h45<\/strong> pour se pr\u00e9parer avant de parcourir les rues ensemble.<\/p>\n<p>Votre participation est essentielle pour faire de cette journ\u00e9e une belle r\u00e9ussite, alors <strong>venez nombreux<\/strong>, pr\u00eats \u00e0 passer un super moment pour la bonne cause !<\/p>\n<p>\u00c0 tr\u00e8s bient\u00f4t pour une matin\u00e9e gourmande et joyeuse \ud83c\udf89<\/p>\n<p><img decoding=\"async\" loading=\"lazy\" class=\"alignleft wp-image-595 \" src=\"https:\/\/www.soudeblyes.fr\/wp-content\/uploads\/2025\/09\/LES-BLYOCHES-1.png\" alt=\"\" width=\"376\" height=\"534\" srcset=\"https:\/\/www.soudeblyes.fr\/wp-content\/uploads\/2025\/09\/LES-BLYOCHES-1.png 4405w, https:\/\/www.soudeblyes.fr\/wp-content\/uploads\/2025\/09\/LES-BLYOCHES-1-211x300.png 211w, https:\/\/www.soudeblyes.fr\/wp-content\/uploads\/2025\/09\/LES-BLYOCHES-1-722x1024.png 722w, https:\/\/www.soudeblyes.fr\/wp-content\/uploads\/2025\/09\/LES-BLYOCHES-1-768x1090.png 768w, https:\/\/www.soudeblyes.fr\/wp-content\/uploads\/2025\/09\/LES-BLYOCHES-1-1083x1536.png 1083w, https:\/\/www.soudeblyes.fr\/wp-content\/uploads\/2025\/09\/LES-BLYOCHES-1-1443x2048.png 1443w\" sizes=\"(max-width: 376px) 100vw, 376px\" \/><\/p>","excerpt":"","slug":"les-blyoches","image":false,"all_day":false,"start_date":"2025-09-20 08:45:00","start_date_details":{"year":"2025","month":"09","day":"20","hour":"08","minutes":"45","seconds":"00"},"end_date":"2025-09-20 12:00:00","end_date_details":{"year":"2025","month":"09","day":"20","hour":"12","minutes":"00","seconds":"00"},"utc_start_date":"2025-09-20 06:45:00","utc_start_date_details":{"year":"2025","month":"09","day":"20","hour":"06","minutes":"45","seconds":"00"},"utc_end_date":"2025-09-20 10:00:00","utc_end_date_details":{"year":"2025","month":"09","day":"20","hour":"10","minutes":"00","seconds":"00"},"timezone":"Europe\/Paris","timezone_abbr":"CEST","cost":"","cost_details":{"currency_symbol":"","currency_code":"","currency_position":"prefix","values":[]},"website":"","show_map":true,"show_map_link":true,"hide_from_listings":false,"sticky":false,"featured":false,"categories":[],"tags":[],"venue":{"id":406,"author":"1","status":"publish","date":"2023-08-27 21:30:34","date_utc":"2023-08-27 19:30:34","modified":"2023-08-27 21:30:34","modified_utc":"2023-08-27 19:30:34","url":"https:\/\/www.soudeblyes.fr\/?tribe_venue=rdv-devant-la-mairie","venue":"RDV devant la Mairie","slug":"rdv-devant-la-mairie","json_ld":{"@type":"Place","name":"RDV devant la Mairie","description":"","url":"","address":{"@type":"PostalAddress"},"telephone":"","sameAs":""},"show_map":true,"show_map_link":true,"global_id":"www.soudeblyes.fr?id=406","global_id_lineage":["www.soudeblyes.fr?id=406"]},"organizer":[{"id":324,"author":"1","status":"publish","date":"2023-03-06 12:46:25","date_utc":"2023-03-06 11:46:25","modified":"2023-03-06 12:46:25","modified_utc":"2023-03-06 11:46:25","url":"https:\/\/www.soudeblyes.fr\/?tribe_organizer=sou-des-ecoles-de-blyes","organizer":"Sou des \u00e9coles de Blyes","slug":"sou-des-ecoles-de-blyes","json_ld":{"@type":"Person","name":"Sou des \u00e9coles de Blyes","description":"","url":"","telephone":"","email":"","sameAs":""},"global_id":"www.soudeblyes.fr?id=324","global_id_lineage":["www.soudeblyes.fr?id=324"]}],"json_ld":{"@context":"http:\/\/schema.org","@type":"Event","name":"LES BLYOCHES","description":"&lt;p&gt;\ud83c\udf5e Grande vente de brioches le 20 septembre ! \ud83c\udf5e Parents, enfants, amis du Sou des \u00e9coles, pr\u00e9parez-vous pour notre traditionnelle vente de brioches qui aura lieu le samedi 20 septembre dans les rues de Blyes ! Cette ann\u00e9e encore, &hellip; &lt;\/p&gt;\\n","url":"https:\/\/www.soudeblyes.fr\/?tribe_events=les-blyoches","eventAttendanceMode":"https:\/\/schema.org\/OfflineEventAttendanceMode","startDate":"2025-09-20T08:45:00+02:00","endDate":"2025-09-20T12:00:00+02:00","location":{"@type":"Place","name":"RDV devant la Mairie","description":"","url":"","address":{"@type":"PostalAddress"},"telephone":"","sameAs":""},"organizer":{"@type":"Person","name":"Sou des \u00e9coles de Blyes","description":"","url":"","telephone":"","email":"","sameAs":""},"performer":"Organization"}}